{"id":1453,"date":"2026-04-23T20:15:11","date_gmt":"2026-04-23T23:15:11","guid":{"rendered":"http:\/\/agoracariri.bops.com.br\/?p=1453"},"modified":"2026-04-23T20:15:11","modified_gmt":"2026-04-23T23:15:11","slug":"mp-da-paraiba-pede-a-educacao-de-joao-pessoa-inclusao-de-mais-de-2-mil-estudantes-na-rede-municipal","status":"publish","type":"post","link":"https:\/\/agoracariri.bops.com.br\/?p=1453","title":{"rendered":"MP da Para\u00edba pede a Educa\u00e7\u00e3o de Jo\u00e3o Pessoa inclus\u00e3o de mais de 2 mil estudantes na rede municipal"},"content":{"rendered":"<p>MP da Para\u00edba pede a Educa\u00e7\u00e3o de Jo\u00e3o Pessoa inclus\u00e3o de mais de 2 mil estudantes na rede municipal S\u00e9rgio Lucena\/PMJP\/Divulga\u00e7\u00e3o O Minist\u00e9rio P\u00fablico da Para\u00edba (MPPB) pediu na 1\u00aa Vara da Inf\u00e2ncia e Juventude de Jo\u00e3o Pessoa, a tutela de urg\u00eancia antecipada para a inclus\u00e3o de 2.338 crian\u00e7as e adolescentes na rede p\u00fablica municipal, em uma a\u00e7\u00e3o na Justi\u00e7a da Para\u00edba, divulgada nesta quinta-feira (23).<\/p>\n<p>O g1 entrou em contato com a Secretaria de Educa\u00e7\u00e3o Municipal, mas n\u00e3o recebeu retorno sobre o processo at\u00e9 a \u00faltima atualiza\u00e7\u00e3o desta reportagem. Conforme a promotora do caso,  Ana Raquel Beltr\u00e3o, o pedido se baseia no entendimento de que h\u00e1 uma gravidade no fato de que h\u00e1 tr\u00eas meses, os estudantes ficarem na lista de espera impede os alunos de exercerem o direito fundamental \u00e0 educa\u00e7\u00e3o e no fato de o ente municipal j\u00e1 estar ciente do situa\u00e7\u00e3o.<\/p>\n<p>A promotora anexou aos autos a informa\u00e7\u00e3o de que o ano letivo de 2026 teve in\u00edcio em 4 de fevereiro de 2026 e at\u00e9 a presente data, j\u00e1 se passaram  77 dias, per\u00edodo em que as crian\u00e7as em lista de espera permanecem sem acesso \u00e0 rede p\u00fablica de ensino. \u201cDesde o ajuizamento da a\u00e7\u00e3o, em 1\u00ba de abril de 2026, transcorreram 21 dias, e o pedido de tutela de urg\u00eancia ainda n\u00e3o foi apreciado quanto ao m\u00e9rito.<\/p>\n<p>Nesse intervalo, as 2.338 crian\u00e7as e adolescentes continuam exclu\u00eddas da escola\u201d, disse a promotora. Veja os v\u00eddeos que est\u00e3o em alta no g1 O MP informa ainda na a\u00e7\u00e3o que do total de pessoas na lista de espera, 210 crian\u00e7as aguardam vaga no 1\u00ba ano do Ensino Fundamental; que 533 crian\u00e7as est\u00e3o fora da pr\u00e9-escola (Infantil 4 e 5); 374 crian\u00e7as em situa\u00e7\u00e3o priorit\u00e1ria (vulnerabilidade social, acolhimento ou defici\u00eancia) tamb\u00e9m seguem sem inclus\u00e3o na rede; e que 952 alunos est\u00e3o fora do Ensino Fundamental.<\/p>\n","protected":false},"excerpt":{"rendered":"<p>MP da Para\u00edba pede a Educa\u00e7\u00e3o de Jo\u00e3o Pessoa inclus\u00e3o de mais de 2 mil estudantes na rede municipal S\u00e9rgio Lucena\/PMJP\/Divulga\u00e7\u00e3o O Minist\u00e9rio P\u00fablico da Para\u00edba (MPPB) pediu na 1\u00aa Vara da Inf\u00e2ncia e Juventude de Jo\u00e3o Pessoa, a tutela de urg\u00eancia antecipada para a inclus\u00e3o de 2.338 crian\u00e7as e adolescentes na rede p\u00fablica municipal, [&hellip;]<\/p>\n","protected":false},"author":1,"featured_media":1454,"comment_status":"open","ping_status":"open","sticky":false,"template":"","format":"standard","meta":{"footnotes":""},"categories":[1],"tags":[],"class_list":["post-1453","post","type-post","status-publish","format-standard","has-post-thumbnail","hentry","category-brasil"],"_links":{"self":[{"href":"https:\/\/agoracariri.bops.com.br\/index.php?rest_route=\/wp\/v2\/posts\/1453","targetHints":{"allow":["GET"]}}],"collection":[{"href":"https:\/\/agoracariri.bops.com.br\/index.php?rest_route=\/wp\/v2\/posts"}],"about":[{"href":"https:\/\/agoracariri.bops.com.br\/index.php?rest_route=\/wp\/v2\/types\/post"}],"author":[{"embeddable":true,"href":"https:\/\/agoracariri.bops.com.br\/index.php?rest_route=\/wp\/v2\/users\/1"}],"replies":[{"embeddable":true,"href":"https:\/\/agoracariri.bops.com.br\/index.php?rest_route=%2Fwp%2Fv2%2Fcomments&post=1453"}],"version-history":[{"count":1,"href":"https:\/\/agoracariri.bops.com.br\/index.php?rest_route=\/wp\/v2\/posts\/1453\/revisions"}],"predecessor-version":[{"id":1470,"href":"https:\/\/agoracariri.bops.com.br\/index.php?rest_route=\/wp\/v2\/posts\/1453\/revisions\/1470"}],"wp:featuredmedia":[{"embeddable":true,"href":"https:\/\/agoracariri.bops.com.br\/index.php?rest_route=\/wp\/v2\/media\/1454"}],"wp:attachment":[{"href":"https:\/\/agoracariri.bops.com.br\/index.php?rest_route=%2Fwp%2Fv2%2Fmedia&parent=1453"}],"wp:term":[{"taxonomy":"category","embeddable":true,"href":"https:\/\/agoracariri.bops.com.br\/index.php?rest_route=%2Fwp%2Fv2%2Fcategories&post=1453"},{"taxonomy":"post_tag","embeddable":true,"href":"https:\/\/agoracariri.bops.com.br\/index.php?rest_route=%2Fwp%2Fv2%2Ftags&post=1453"}],"curies":[{"name":"wp","href":"https:\/\/api.w.org\/{rel}","templated":true}]}}