{"id":1447,"date":"2026-04-23T18:07:13","date_gmt":"2026-04-23T21:07:13","guid":{"rendered":"http:\/\/agoracariri.bops.com.br\/?p=1447"},"modified":"2026-04-23T18:07:13","modified_gmt":"2026-04-23T21:07:13","slug":"inmet-renova-alerta-de-chuvas-intensas-para-todas-as-cidades-da-paraiba","status":"publish","type":"post","link":"https:\/\/agoracariri.bops.com.br\/?p=1447","title":{"rendered":"Inmet renova alerta de chuvas intensas para todas as cidades da Para\u00edba"},"content":{"rendered":"<p>Chuva em Jo\u00e3o Pessoa Reprodu\u00e7\u00e3o \/ TV Cabo Branco O Instituto Nacional de Meteorologia (Inmet) renovou, nesta quinta-feira (23), o alerta amarelo de perigo potencial de chuvas intensas para todos os munic\u00edpios da Para\u00edba. Al\u00e9m do alerta renovado, o \u00f3rg\u00e3o tamb\u00e9m emitiu um aviso laranja, de perigo, para o Litoral do estado.<\/p>\n<p>Segundo o Inmet, h\u00e1 baixo risco de corte de energia el\u00e9trica, queda de galhos de \u00e1rvores, alagamentos e descargas el\u00e9tricas. \ud83d\udfe0Perigo: O alerta laranja de alto grau de perigo de chuvas intensas prev\u00ea chuva entre 30 e 60 mm\/h ou 50 e 100 mm\/dia e ventos intensos entre 60 e 100 km\/h. Nessas \u00e1reas, ainda existe risco de corte de energia el\u00e9trica, queda de galhos de \u00e1rvores, alagamentos e descargas el\u00e9tricas.<\/p>\n<p>Veja os v\u00eddeos que est\u00e3o em alta no g1 Recomenda\u00e7\u00f5es do Inmet O Inmet recomenda que as pessoas n\u00e3o se abriguem debaixo de \u00e1rvores durante a chuva, pois h\u00e1 risco de queda e descargas el\u00e9tricas. O \u00f3rg\u00e3o tamb\u00e9m orienta que ve\u00edculos n\u00e3o sejam estacionados pr\u00f3ximos a torres de transmiss\u00e3o e placas de propaganda.<\/p>\n<p>Para as cidades sob alerta amarelo, o uso de aparelhos eletr\u00f4nicos ligados \u00e0 tomada deve ser evitado. No caso dos munic\u00edpios sob alerta laranja, o Inmet recomenda o desligamento de aparelhos el\u00e9tricos e o quadro geral de energia. Em caso de problemas, a popula\u00e7\u00e3o pode acionar a Defesa Civil pelo telefone 199 ou o Corpo de Bombeiros pelo telefone 193.<\/p>\n","protected":false},"excerpt":{"rendered":"<p>Chuva em Jo\u00e3o Pessoa Reprodu\u00e7\u00e3o \/ TV Cabo Branco O Instituto Nacional de Meteorologia (Inmet) renovou, nesta quinta-feira (23), o alerta amarelo de perigo potencial de chuvas intensas para todos os munic\u00edpios da Para\u00edba. Al\u00e9m do alerta renovado, o \u00f3rg\u00e3o tamb\u00e9m emitiu um aviso laranja, de perigo, para o Litoral do estado. Segundo o Inmet, [&hellip;]<\/p>\n","protected":false},"author":1,"featured_media":1448,"comment_status":"open","ping_status":"open","sticky":false,"template":"","format":"standard","meta":{"footnotes":""},"categories":[3],"tags":[],"class_list":["post-1447","post","type-post","status-publish","format-standard","has-post-thumbnail","hentry","category-cidades"],"_links":{"self":[{"href":"https:\/\/agoracariri.bops.com.br\/index.php?rest_route=\/wp\/v2\/posts\/1447","targetHints":{"allow":["GET"]}}],"collection":[{"href":"https:\/\/agoracariri.bops.com.br\/index.php?rest_route=\/wp\/v2\/posts"}],"about":[{"href":"https:\/\/agoracariri.bops.com.br\/index.php?rest_route=\/wp\/v2\/types\/post"}],"author":[{"embeddable":true,"href":"https:\/\/agoracariri.bops.com.br\/index.php?rest_route=\/wp\/v2\/users\/1"}],"replies":[{"embeddable":true,"href":"https:\/\/agoracariri.bops.com.br\/index.php?rest_route=%2Fwp%2Fv2%2Fcomments&post=1447"}],"version-history":[{"count":1,"href":"https:\/\/agoracariri.bops.com.br\/index.php?rest_route=\/wp\/v2\/posts\/1447\/revisions"}],"predecessor-version":[{"id":1459,"href":"https:\/\/agoracariri.bops.com.br\/index.php?rest_route=\/wp\/v2\/posts\/1447\/revisions\/1459"}],"wp:featuredmedia":[{"embeddable":true,"href":"https:\/\/agoracariri.bops.com.br\/index.php?rest_route=\/wp\/v2\/media\/1448"}],"wp:attachment":[{"href":"https:\/\/agoracariri.bops.com.br\/index.php?rest_route=%2Fwp%2Fv2%2Fmedia&parent=1447"}],"wp:term":[{"taxonomy":"category","embeddable":true,"href":"https:\/\/agoracariri.bops.com.br\/index.php?rest_route=%2Fwp%2Fv2%2Fcategories&post=1447"},{"taxonomy":"post_tag","embeddable":true,"href":"https:\/\/agoracariri.bops.com.br\/index.php?rest_route=%2Fwp%2Fv2%2Ftags&post=1447"}],"curies":[{"name":"wp","href":"https:\/\/api.w.org\/{rel}","templated":true}]}}