{"id":1417,"date":"2026-04-23T11:16:40","date_gmt":"2026-04-23T14:16:40","guid":{"rendered":"http:\/\/agoracariri.bops.com.br\/?p=1417"},"modified":"2026-04-23T11:16:40","modified_gmt":"2026-04-23T14:16:40","slug":"desabamento-de-predio-em-campina-deixa-uma-pessoa-morta-e-outra-ferida","status":"publish","type":"post","link":"https:\/\/agoracariri.bops.com.br\/?p=1417","title":{"rendered":"Desabamento de pr\u00e9dio em Campina deixa uma pessoa morta e outra ferida"},"content":{"rendered":"<p>Um pr\u00e9dio desabou, no in\u00edcio da noite desta quarta-feira (22), , na Rua Jo\u00e3o Suassuna, no centro de Campina Grande, e deixou uma pessoa ferida e outra morta.<\/p>\n<p>A comandante do Corpo de Bombeiros na ocorr\u00eancia, capit\u00e3 Priscila, explicou que quando os militares chegaram ao local uma v\u00edtimas j\u00e1 estava em \u00f3bito.<\/p>\n<p>\u201cQuando chegou no local uma as v\u00edtimas estava com escoria\u00e7\u00f5es e a outra estava sobre os escombros e infelizmente j\u00e1 foi constatado o \u00f3bito\u201d, explicou a oficial.<\/p>\n<p>O estado de sa\u00fade da v\u00edtima ferida ainda n\u00e3o foi divulgado. A Pol\u00edcia Civil da Para\u00edba est\u00e1 no local para realizar a per\u00edcia.<\/p>\n<p>Com MaisPB<\/p>\n<p>O post Desabamento de pr\u00e9dio em Campina deixa uma pessoa morta e outra ferida apareceu primeiro em De Olho no Cariri.<\/p>\n","protected":false},"excerpt":{"rendered":"<p>Um pr\u00e9dio desabou, no in\u00edcio da noite desta quarta-feira (22), , na Rua Jo\u00e3o Suassuna, no centro de Campina Grande, e deixou uma pessoa ferida e outra morta. A comandante do Corpo de Bombeiros na ocorr\u00eancia, capit\u00e3 Priscila, explicou que quando os militares chegaram ao local uma v\u00edtimas j\u00e1 estava em \u00f3bito. \u201cQuando chegou no [&hellip;]<\/p>\n","protected":false},"author":1,"featured_media":0,"comment_status":"open","ping_status":"open","sticky":false,"template":"","format":"standard","meta":{"footnotes":""},"categories":[1],"tags":[],"class_list":["post-1417","post","type-post","status-publish","format-standard","hentry","category-brasil"],"_links":{"self":[{"href":"https:\/\/agoracariri.bops.com.br\/index.php?rest_route=\/wp\/v2\/posts\/1417","targetHints":{"allow":["GET"]}}],"collection":[{"href":"https:\/\/agoracariri.bops.com.br\/index.php?rest_route=\/wp\/v2\/posts"}],"about":[{"href":"https:\/\/agoracariri.bops.com.br\/index.php?rest_route=\/wp\/v2\/types\/post"}],"author":[{"embeddable":true,"href":"https:\/\/agoracariri.bops.com.br\/index.php?rest_route=\/wp\/v2\/users\/1"}],"replies":[{"embeddable":true,"href":"https:\/\/agoracariri.bops.com.br\/index.php?rest_route=%2Fwp%2Fv2%2Fcomments&post=1417"}],"version-history":[{"count":1,"href":"https:\/\/agoracariri.bops.com.br\/index.php?rest_route=\/wp\/v2\/posts\/1417\/revisions"}],"predecessor-version":[{"id":1425,"href":"https:\/\/agoracariri.bops.com.br\/index.php?rest_route=\/wp\/v2\/posts\/1417\/revisions\/1425"}],"wp:attachment":[{"href":"https:\/\/agoracariri.bops.com.br\/index.php?rest_route=%2Fwp%2Fv2%2Fmedia&parent=1417"}],"wp:term":[{"taxonomy":"category","embeddable":true,"href":"https:\/\/agoracariri.bops.com.br\/index.php?rest_route=%2Fwp%2Fv2%2Fcategories&post=1417"},{"taxonomy":"post_tag","embeddable":true,"href":"https:\/\/agoracariri.bops.com.br\/index.php?rest_route=%2Fwp%2Fv2%2Ftags&post=1417"}],"curies":[{"name":"wp","href":"https:\/\/api.w.org\/{rel}","templated":true}]}}