{"id":1414,"date":"2026-04-23T11:18:17","date_gmt":"2026-04-23T14:18:17","guid":{"rendered":"http:\/\/agoracariri.bops.com.br\/?p=1414"},"modified":"2026-04-23T11:18:17","modified_gmt":"2026-04-23T14:18:17","slug":"policia-civil-prende-em-cidade-do-cariri-homem-condenado-por-estupro-em-pernambuco","status":"publish","type":"post","link":"https:\/\/agoracariri.bops.com.br\/?p=1414","title":{"rendered":"Pol\u00edcia Civil prende em cidade do Cariri homem condenado por estupro em Pernambuco"},"content":{"rendered":"<p>A Pol\u00edcia Civil da Para\u00edba cumpriu, na tarde desta \u00faltima quarta-feira (22), um mandado de pris\u00e3o definitiva contra um homem de 59 anos condenado pelo crime de estupro. A a\u00e7\u00e3o foi realizada no munic\u00edpio de Tapero\u00e1, no Cariri paraibano.<\/p>\n<p>De acordo com as informa\u00e7\u00f5es repassadas pela corpora\u00e7\u00e3o, o acusado era considerado foragido do estado de Pernambuco, onde foi condenado a uma pena de 10 anos e oito meses de reclus\u00e3o por um crime ocorrido na cidade do Recife.<\/p>\n<p>A pris\u00e3o foi efetuada por equipes do Grupo T\u00e1tico Especial (GTE) da 23\u00aa Delegacia Seccional de Pol\u00edcia Civil (DSPC), com apoio da Delegacia de Tapero\u00e1. Ap\u00f3s dilig\u00eancias investigativas, os policiais conseguiram localizar o suspeito, que estava escondido na zona rural do munic\u00edpio.<\/p>\n<p>Segundo a Pol\u00edcia Civil, o homem n\u00e3o apresentou resist\u00eancia no momento da abordagem. Ele foi conduzido \u00e0 unidade policial, onde foram adotados os procedimentos legais.<\/p>\n<p>O preso dever\u00e1 ser encaminhado ao Poder Judici\u00e1rio e passar\u00e1 por audi\u00eancia de cust\u00f3dia, etapa em que a Justi\u00e7a avaliar\u00e1 as condi\u00e7\u00f5es da pris\u00e3o.<\/p>\n<p>Em nota, a Pol\u00edcia Civil destacou que a a\u00e7\u00e3o refor\u00e7a o compromisso da institui\u00e7\u00e3o com o cumprimento de decis\u00f5es judiciais e o combate \u00e0 criminalidade, especialmente em casos de crimes graves como o estupro.<\/p>\n<p>O post Pol\u00edcia Civil prende em cidade do Cariri homem condenado por estupro em Pernambuco apareceu primeiro em De Olho no Cariri.<\/p>\n","protected":false},"excerpt":{"rendered":"<p>A Pol\u00edcia Civil da Para\u00edba cumpriu, na tarde desta \u00faltima quarta-feira (22), um mandado de pris\u00e3o definitiva contra um homem de 59 anos condenado pelo crime de estupro. A a\u00e7\u00e3o foi realizada no munic\u00edpio de Tapero\u00e1, no Cariri paraibano. De acordo com as informa\u00e7\u00f5es repassadas pela corpora\u00e7\u00e3o, o acusado era considerado foragido do estado de [&hellip;]<\/p>\n","protected":false},"author":1,"featured_media":0,"comment_status":"open","ping_status":"open","sticky":false,"template":"","format":"standard","meta":{"footnotes":""},"categories":[4],"tags":[],"class_list":["post-1414","post","type-post","status-publish","format-standard","hentry","category-policial"],"_links":{"self":[{"href":"https:\/\/agoracariri.bops.com.br\/index.php?rest_route=\/wp\/v2\/posts\/1414","targetHints":{"allow":["GET"]}}],"collection":[{"href":"https:\/\/agoracariri.bops.com.br\/index.php?rest_route=\/wp\/v2\/posts"}],"about":[{"href":"https:\/\/agoracariri.bops.com.br\/index.php?rest_route=\/wp\/v2\/types\/post"}],"author":[{"embeddable":true,"href":"https:\/\/agoracariri.bops.com.br\/index.php?rest_route=\/wp\/v2\/users\/1"}],"replies":[{"embeddable":true,"href":"https:\/\/agoracariri.bops.com.br\/index.php?rest_route=%2Fwp%2Fv2%2Fcomments&post=1414"}],"version-history":[{"count":1,"href":"https:\/\/agoracariri.bops.com.br\/index.php?rest_route=\/wp\/v2\/posts\/1414\/revisions"}],"predecessor-version":[{"id":1426,"href":"https:\/\/agoracariri.bops.com.br\/index.php?rest_route=\/wp\/v2\/posts\/1414\/revisions\/1426"}],"wp:attachment":[{"href":"https:\/\/agoracariri.bops.com.br\/index.php?rest_route=%2Fwp%2Fv2%2Fmedia&parent=1414"}],"wp:term":[{"taxonomy":"category","embeddable":true,"href":"https:\/\/agoracariri.bops.com.br\/index.php?rest_route=%2Fwp%2Fv2%2Fcategories&post=1414"},{"taxonomy":"post_tag","embeddable":true,"href":"https:\/\/agoracariri.bops.com.br\/index.php?rest_route=%2Fwp%2Fv2%2Ftags&post=1414"}],"curies":[{"name":"wp","href":"https:\/\/api.w.org\/{rel}","templated":true}]}}