{"id":1413,"date":"2026-04-23T11:19:33","date_gmt":"2026-04-23T14:19:33","guid":{"rendered":"http:\/\/agoracariri.bops.com.br\/?p=1413"},"modified":"2026-04-23T11:19:33","modified_gmt":"2026-04-23T14:19:33","slug":"ccj-aprova-tramitacao-da-proposta-que-acaba-com-a-jornada-6x1","status":"publish","type":"post","link":"https:\/\/agoracariri.bops.com.br\/?p=1413","title":{"rendered":"CCJ aprova tramita\u00e7\u00e3o da proposta que acaba com a jornada 6\u00d71"},"content":{"rendered":"<p>A CCJ da C\u00e2mara aprovou, nesta quarta, o relat\u00f3rio do deputado Paulo Azi (Uni\u00e3o Brasil-BA) pela admissibilidade da PEC que acaba com a escala de trabalho 6\u00d71.<\/p>\n<p>A partir de agora, a proposta seguir\u00e1 para uma comiss\u00e3o especial, que ainda ser\u00e1 criada para debater o m\u00e9rito da quest\u00e3o com diferentes setores da sociedade.<\/p>\n<p>Em seu voto, o relator defendeu a ado\u00e7\u00e3o de uma fase de transi\u00e7\u00e3o para que os diferentes setores econ\u00f4micos se organizem. H\u00e1 ainda a possibilidade de compensa\u00e7\u00f5es ao setor produtivo. Tudo ser\u00e1 discutido na comiss\u00e3o especial.<\/p>\n<p>Azi elaborou relat\u00f3rio, de forma conjunta, sobre dois textos apresentados por parlamentares envolvendo o projeto proposto pela deputada Erika Hilton (PSOL-SP) no ano passado, que prev\u00ea a redu\u00e7\u00e3o da jornada de trabalho para quatro dias por semana, com prazo de 360 dias para entrada em vigor da nova regra, e a PEC do deputado Reginaldo Lopes (PT-MG). O texto reduz a jornada de trabalho a 36 horas semanais, com prazo de 10 anos para entrada da norma em vigor.<\/p>\n<p>Com Veja<\/p>\n<p>O post CCJ aprova tramita\u00e7\u00e3o da proposta que acaba com a jornada 6\u00d71 apareceu primeiro em De Olho no Cariri.<\/p>\n","protected":false},"excerpt":{"rendered":"<p>A CCJ da C\u00e2mara aprovou, nesta quarta, o relat\u00f3rio do deputado Paulo Azi (Uni\u00e3o Brasil-BA) pela admissibilidade da PEC que acaba com a escala de trabalho 6\u00d71. A partir de agora, a proposta seguir\u00e1 para uma comiss\u00e3o especial, que ainda ser\u00e1 criada para debater o m\u00e9rito da quest\u00e3o com diferentes setores da sociedade. Em seu [&hellip;]<\/p>\n","protected":false},"author":1,"featured_media":0,"comment_status":"open","ping_status":"open","sticky":false,"template":"","format":"standard","meta":{"footnotes":""},"categories":[1],"tags":[],"class_list":["post-1413","post","type-post","status-publish","format-standard","hentry","category-brasil"],"_links":{"self":[{"href":"https:\/\/agoracariri.bops.com.br\/index.php?rest_route=\/wp\/v2\/posts\/1413","targetHints":{"allow":["GET"]}}],"collection":[{"href":"https:\/\/agoracariri.bops.com.br\/index.php?rest_route=\/wp\/v2\/posts"}],"about":[{"href":"https:\/\/agoracariri.bops.com.br\/index.php?rest_route=\/wp\/v2\/types\/post"}],"author":[{"embeddable":true,"href":"https:\/\/agoracariri.bops.com.br\/index.php?rest_route=\/wp\/v2\/users\/1"}],"replies":[{"embeddable":true,"href":"https:\/\/agoracariri.bops.com.br\/index.php?rest_route=%2Fwp%2Fv2%2Fcomments&post=1413"}],"version-history":[{"count":1,"href":"https:\/\/agoracariri.bops.com.br\/index.php?rest_route=\/wp\/v2\/posts\/1413\/revisions"}],"predecessor-version":[{"id":1427,"href":"https:\/\/agoracariri.bops.com.br\/index.php?rest_route=\/wp\/v2\/posts\/1413\/revisions\/1427"}],"wp:attachment":[{"href":"https:\/\/agoracariri.bops.com.br\/index.php?rest_route=%2Fwp%2Fv2%2Fmedia&parent=1413"}],"wp:term":[{"taxonomy":"category","embeddable":true,"href":"https:\/\/agoracariri.bops.com.br\/index.php?rest_route=%2Fwp%2Fv2%2Fcategories&post=1413"},{"taxonomy":"post_tag","embeddable":true,"href":"https:\/\/agoracariri.bops.com.br\/index.php?rest_route=%2Fwp%2Fv2%2Ftags&post=1413"}],"curies":[{"name":"wp","href":"https:\/\/api.w.org\/{rel}","templated":true}]}}