{"id":1412,"date":"2026-04-23T11:20:55","date_gmt":"2026-04-23T14:20:55","guid":{"rendered":"http:\/\/agoracariri.bops.com.br\/?p=1412"},"modified":"2026-04-23T11:20:55","modified_gmt":"2026-04-23T14:20:55","slug":"filiada-ao-mdb-de-cicero-prefeita-anuncia-apoio-a-lucas-ribeiro","status":"publish","type":"post","link":"https:\/\/agoracariri.bops.com.br\/?p=1412","title":{"rendered":"Filiada ao MDB de C\u00edcero, prefeita anuncia apoio a Lucas Ribeiro"},"content":{"rendered":"<p>A prefeita de Santana de Mangueira, Marina Lacerda (MDB), anunciou apoio ao pr\u00e9-candidato a governador Lucas Ribeiro (Progressistas), mesmo integrando o MDB, partido que tamb\u00e9m conta com a pr\u00e9-candidatura ao Governo do ex-prefeito de Jo\u00e3o Pessoa, C\u00edcero Lucena.<\/p>\n<p>Marina foi eleita em 2024 e \u00e9 a prefeita mais jovem da Para\u00edba, aos 24 anos. Tamb\u00e9m participaram do an\u00fancio o deputado estadual Galego Souza (Progressistas), um dos articuladores da ades\u00e3o, e o ex-prefeito Nerival In\u00e1cio.<\/p>\n<p>Ao declarar apoio, a gestora destacou a parceria firmada e a expectativa de avan\u00e7os para o munic\u00edpio.<\/p>\n<p>\u201cEstou ao lado do governador Lucas Ribeiro e muito feliz com essa parceria estabelecida. Trouxemos nossas demandas e tenho certeza de que Santana de Mangueira continuar\u00e1 avan\u00e7ando com esse apoio que estamos dando hoje\u201d, afirmou a prefeita.<\/p>\n<p>Lucas agradeceu o apoio e ressaltou a import\u00e2ncia da uni\u00e3o em torno do projeto governista.<\/p>\n<p>\u201cQuero agradecer \u00e0 prefeita Marina Lacerda pelo apoio ao projeto que tem feito a Para\u00edba avan\u00e7ar e crescer. Essa parceria vem para somar nessa constru\u00e7\u00e3o de um estado cada vez melhor, seguindo em frente, sempre\u201d, disse o governador.<\/p>\n<p>A ades\u00e3o se soma a um grupo que j\u00e1 re\u00fane mais de 150 prefeitos em torno do projeto de Lucas Ribeiro.<\/p>\n<p>O post Filiada ao MDB de C\u00edcero, prefeita anuncia apoio a Lucas Ribeiro apareceu primeiro em De Olho no Cariri.<\/p>\n","protected":false},"excerpt":{"rendered":"<p>A prefeita de Santana de Mangueira, Marina Lacerda (MDB), anunciou apoio ao pr\u00e9-candidato a governador Lucas Ribeiro (Progressistas), mesmo integrando o MDB, partido que tamb\u00e9m conta com a pr\u00e9-candidatura ao Governo do ex-prefeito de Jo\u00e3o Pessoa, C\u00edcero Lucena. Marina foi eleita em 2024 e \u00e9 a prefeita mais jovem da Para\u00edba, aos 24 anos. Tamb\u00e9m [&hellip;]<\/p>\n","protected":false},"author":1,"featured_media":0,"comment_status":"open","ping_status":"open","sticky":false,"template":"","format":"standard","meta":{"footnotes":""},"categories":[1],"tags":[],"class_list":["post-1412","post","type-post","status-publish","format-standard","hentry","category-brasil"],"_links":{"self":[{"href":"https:\/\/agoracariri.bops.com.br\/index.php?rest_route=\/wp\/v2\/posts\/1412","targetHints":{"allow":["GET"]}}],"collection":[{"href":"https:\/\/agoracariri.bops.com.br\/index.php?rest_route=\/wp\/v2\/posts"}],"about":[{"href":"https:\/\/agoracariri.bops.com.br\/index.php?rest_route=\/wp\/v2\/types\/post"}],"author":[{"embeddable":true,"href":"https:\/\/agoracariri.bops.com.br\/index.php?rest_route=\/wp\/v2\/users\/1"}],"replies":[{"embeddable":true,"href":"https:\/\/agoracariri.bops.com.br\/index.php?rest_route=%2Fwp%2Fv2%2Fcomments&post=1412"}],"version-history":[{"count":1,"href":"https:\/\/agoracariri.bops.com.br\/index.php?rest_route=\/wp\/v2\/posts\/1412\/revisions"}],"predecessor-version":[{"id":1428,"href":"https:\/\/agoracariri.bops.com.br\/index.php?rest_route=\/wp\/v2\/posts\/1412\/revisions\/1428"}],"wp:attachment":[{"href":"https:\/\/agoracariri.bops.com.br\/index.php?rest_route=%2Fwp%2Fv2%2Fmedia&parent=1412"}],"wp:term":[{"taxonomy":"category","embeddable":true,"href":"https:\/\/agoracariri.bops.com.br\/index.php?rest_route=%2Fwp%2Fv2%2Fcategories&post=1412"},{"taxonomy":"post_tag","embeddable":true,"href":"https:\/\/agoracariri.bops.com.br\/index.php?rest_route=%2Fwp%2Fv2%2Ftags&post=1412"}],"curies":[{"name":"wp","href":"https:\/\/api.w.org\/{rel}","templated":true}]}}