{"id":1411,"date":"2026-04-23T11:22:57","date_gmt":"2026-04-23T14:22:57","guid":{"rendered":"http:\/\/agoracariri.bops.com.br\/?p=1411"},"modified":"2026-04-23T11:22:57","modified_gmt":"2026-04-23T14:22:57","slug":"joao-sinaliza-dialogo-com-leo-abre-espaco-para-alianca-e-crer-na-permanencia-do-prefeito-no-psb","status":"publish","type":"post","link":"https:\/\/agoracariri.bops.com.br\/?p=1411","title":{"rendered":"Jo\u00e3o sinaliza di\u00e1logo com Leo, abre espa\u00e7o para alian\u00e7a e crer na perman\u00eancia do prefeito no PSB"},"content":{"rendered":"<p>O ex-governador e pr\u00e9-candidato ao Senado, Jo\u00e3o Azev\u00eado (PSB), comentou a rela\u00e7\u00e3o pol\u00edtica com o prefeito de Jo\u00e3o Pessoa, Leo Bezerra (PSB), e esclareceu o contexto da sa\u00edda do gestor da presid\u00eancia municipal do partido.<\/p>\n<p>Durante entrevista concedida ao programa Meio-Dia Para\u00edba, da R\u00e1dio Pop, nesta quarta-feira (22), Jo\u00e3o explicou que a decis\u00e3o foi tomada de forma tranquila e dialogada, sem qualquer tipo de imposi\u00e7\u00e3o ou ruptura.<\/p>\n<p>Ele destacou que mant\u00e9m respeito pela trajet\u00f3ria de Leo e afirmou acreditar no apoio do prefeito \u00e0 sua pr\u00e9-candidatura ao Senado.<\/p>\n<p>Para\u00edba J\u00e1<\/p>\n<p>O post Jo\u00e3o sinaliza di\u00e1logo com Leo, abre espa\u00e7o para alian\u00e7a e crer na perman\u00eancia do prefeito no PSB apareceu primeiro em De Olho no Cariri.<\/p>\n","protected":false},"excerpt":{"rendered":"<p>O ex-governador e pr\u00e9-candidato ao Senado, Jo\u00e3o Azev\u00eado (PSB), comentou a rela\u00e7\u00e3o pol\u00edtica com o prefeito de Jo\u00e3o Pessoa, Leo Bezerra (PSB), e esclareceu o contexto da sa\u00edda do gestor da presid\u00eancia municipal do partido. Durante entrevista concedida ao programa Meio-Dia Para\u00edba, da R\u00e1dio Pop, nesta quarta-feira (22), Jo\u00e3o explicou que a decis\u00e3o foi tomada [&hellip;]<\/p>\n","protected":false},"author":1,"featured_media":0,"comment_status":"open","ping_status":"open","sticky":false,"template":"","format":"standard","meta":{"footnotes":""},"categories":[1],"tags":[],"class_list":["post-1411","post","type-post","status-publish","format-standard","hentry","category-brasil"],"_links":{"self":[{"href":"https:\/\/agoracariri.bops.com.br\/index.php?rest_route=\/wp\/v2\/posts\/1411","targetHints":{"allow":["GET"]}}],"collection":[{"href":"https:\/\/agoracariri.bops.com.br\/index.php?rest_route=\/wp\/v2\/posts"}],"about":[{"href":"https:\/\/agoracariri.bops.com.br\/index.php?rest_route=\/wp\/v2\/types\/post"}],"author":[{"embeddable":true,"href":"https:\/\/agoracariri.bops.com.br\/index.php?rest_route=\/wp\/v2\/users\/1"}],"replies":[{"embeddable":true,"href":"https:\/\/agoracariri.bops.com.br\/index.php?rest_route=%2Fwp%2Fv2%2Fcomments&post=1411"}],"version-history":[{"count":1,"href":"https:\/\/agoracariri.bops.com.br\/index.php?rest_route=\/wp\/v2\/posts\/1411\/revisions"}],"predecessor-version":[{"id":1429,"href":"https:\/\/agoracariri.bops.com.br\/index.php?rest_route=\/wp\/v2\/posts\/1411\/revisions\/1429"}],"wp:attachment":[{"href":"https:\/\/agoracariri.bops.com.br\/index.php?rest_route=%2Fwp%2Fv2%2Fmedia&parent=1411"}],"wp:term":[{"taxonomy":"category","embeddable":true,"href":"https:\/\/agoracariri.bops.com.br\/index.php?rest_route=%2Fwp%2Fv2%2Fcategories&post=1411"},{"taxonomy":"post_tag","embeddable":true,"href":"https:\/\/agoracariri.bops.com.br\/index.php?rest_route=%2Fwp%2Fv2%2Ftags&post=1411"}],"curies":[{"name":"wp","href":"https:\/\/api.w.org\/{rel}","templated":true}]}}