{"id":1409,"date":"2026-04-23T11:27:01","date_gmt":"2026-04-23T14:27:01","guid":{"rendered":"http:\/\/agoracariri.bops.com.br\/?p=1409"},"modified":"2026-04-23T11:27:01","modified_gmt":"2026-04-23T14:27:01","slug":"mp-investiga-camara-de-monteiro-apos-denuncia-de-gastos-suspeitos-com-lava-jato","status":"publish","type":"post","link":"https:\/\/agoracariri.bops.com.br\/?p=1409","title":{"rendered":"MP investiga C\u00e2mara de Monteiro ap\u00f3s den\u00fancia de gastos suspeitos com \u201clava jato\u201d"},"content":{"rendered":"<p>O Minist\u00e9rio P\u00fablico da Para\u00edba (MPPB) abriu uma investiga\u00e7\u00e3o para apurar supostas irregularidades na C\u00e2mara Municipal de Monteiro, no Cariri paraibano. A apura\u00e7\u00e3o foi confirmada pelo Portal Fonte83 ap\u00f3s consulta a documentos oficiais publicados pelo \u00f3rg\u00e3o ministerial. A Casa atualmente \u00e9 presidida pelo Vereador Juraci Conrado.<\/p>\n<p>De acordo com a portaria, a investiga\u00e7\u00e3o teve in\u00edcio ap\u00f3s uma den\u00fancia an\u00f4nima relatar pagamentos considerados elevados por servi\u00e7os de \u201clava a jato\u201d realizados pela Casa Legislativa. O documento tamb\u00e9m cita que o fornecedor mencionado no caso teria ocupado cargo comissionado de assessor da Mesa Diretora at\u00e9 dezembro de 2024.<\/p>\n<p>O Minist\u00e9rio P\u00fablico quer esclarecer se houve preju\u00edzo aos cofres p\u00fablicos, enriquecimento il\u00edcito ou descumprimento de princ\u00edpios da administra\u00e7\u00e3o p\u00fablica. Para isso, foi instaurado um inqu\u00e9rito civil, mecanismo usado para aprofundar a coleta de informa\u00e7\u00f5es e documentos.<\/p>\n<p>A promotoria respons\u00e1vel pelo caso informou que as dilig\u00eancias j\u00e1 come\u00e7aram e que novas medidas poder\u00e3o ser adotadas conforme o andamento das apura\u00e7\u00f5es. At\u00e9 o momento, a C\u00e2mara Municipal de Monteiro n\u00e3o se pronunciou oficialmente sobre o caso.<\/p>\n<p>Com Fonte83<\/p>\n<p>O post MP investiga C\u00e2mara de Monteiro ap\u00f3s den\u00fancia de gastos suspeitos com \u201clava jato\u201d apareceu primeiro em De Olho no Cariri.<\/p>\n","protected":false},"excerpt":{"rendered":"<p>O Minist\u00e9rio P\u00fablico da Para\u00edba (MPPB) abriu uma investiga\u00e7\u00e3o para apurar supostas irregularidades na C\u00e2mara Municipal de Monteiro, no Cariri paraibano. A apura\u00e7\u00e3o foi confirmada pelo Portal Fonte83 ap\u00f3s consulta a documentos oficiais publicados pelo \u00f3rg\u00e3o ministerial. A Casa atualmente \u00e9 presidida pelo Vereador Juraci Conrado. De acordo com a portaria, a investiga\u00e7\u00e3o teve in\u00edcio [&hellip;]<\/p>\n","protected":false},"author":1,"featured_media":1410,"comment_status":"open","ping_status":"open","sticky":false,"template":"","format":"standard","meta":{"footnotes":""},"categories":[1],"tags":[],"class_list":["post-1409","post","type-post","status-publish","format-standard","has-post-thumbnail","hentry","category-brasil"],"_links":{"self":[{"href":"https:\/\/agoracariri.bops.com.br\/index.php?rest_route=\/wp\/v2\/posts\/1409","targetHints":{"allow":["GET"]}}],"collection":[{"href":"https:\/\/agoracariri.bops.com.br\/index.php?rest_route=\/wp\/v2\/posts"}],"about":[{"href":"https:\/\/agoracariri.bops.com.br\/index.php?rest_route=\/wp\/v2\/types\/post"}],"author":[{"embeddable":true,"href":"https:\/\/agoracariri.bops.com.br\/index.php?rest_route=\/wp\/v2\/users\/1"}],"replies":[{"embeddable":true,"href":"https:\/\/agoracariri.bops.com.br\/index.php?rest_route=%2Fwp%2Fv2%2Fcomments&post=1409"}],"version-history":[{"count":1,"href":"https:\/\/agoracariri.bops.com.br\/index.php?rest_route=\/wp\/v2\/posts\/1409\/revisions"}],"predecessor-version":[{"id":1430,"href":"https:\/\/agoracariri.bops.com.br\/index.php?rest_route=\/wp\/v2\/posts\/1409\/revisions\/1430"}],"wp:featuredmedia":[{"embeddable":true,"href":"https:\/\/agoracariri.bops.com.br\/index.php?rest_route=\/wp\/v2\/media\/1410"}],"wp:attachment":[{"href":"https:\/\/agoracariri.bops.com.br\/index.php?rest_route=%2Fwp%2Fv2%2Fmedia&parent=1409"}],"wp:term":[{"taxonomy":"category","embeddable":true,"href":"https:\/\/agoracariri.bops.com.br\/index.php?rest_route=%2Fwp%2Fv2%2Fcategories&post=1409"},{"taxonomy":"post_tag","embeddable":true,"href":"https:\/\/agoracariri.bops.com.br\/index.php?rest_route=%2Fwp%2Fv2%2Ftags&post=1409"}],"curies":[{"name":"wp","href":"https:\/\/api.w.org\/{rel}","templated":true}]}}