{"id":1402,"date":"2026-04-23T11:39:58","date_gmt":"2026-04-23T14:39:58","guid":{"rendered":"http:\/\/agoracariri.bops.com.br\/?p=1402"},"modified":"2026-04-23T11:39:58","modified_gmt":"2026-04-23T14:39:58","slug":"operacao-prende-em-flagrante-suspeitos-de-integrar-organizacao-de-trafico-de-drogas-em-patos-pb","status":"publish","type":"post","link":"https:\/\/agoracariri.bops.com.br\/?p=1402","title":{"rendered":"Opera\u00e7\u00e3o prende em flagrante suspeitos de integrar organiza\u00e7\u00e3o de tr\u00e1fico de drogas em Patos, PB"},"content":{"rendered":"<p>Opera\u00e7\u00e3o desarticula grupo criminoso em Patos, PB Divulga\u00e7\u00e3o\/Pol\u00edcia Civil da Para\u00edba Uma opera\u00e7\u00e3o da Pol\u00edcia Civil prendeu em flagrante v\u00e1rias pessoas por tr\u00e1fico de drogas e posse ilegal de armas na cidade de Patos, no Sert\u00e3o da Para\u00edba, na manh\u00e3 desta quinta-feira (23). Ao todo, a a\u00e7\u00e3o cumpriu 19 mandados de busca e apreens\u00e3o.<\/p>\n<p>De acordo com a pol\u00edcia, seis pessoas foram presas em flagrante e cinco armas de fogo foram apreendidas, al\u00e9m de uma quantidade de drogas, na Opera\u00e7\u00e3o Axolote. A a\u00e7\u00e3o integra o cronograma das Opera\u00e7\u00f5es Nacionais da Rede Nacional de Unidades Especializadas de Enfrentamento das Organiza\u00e7\u00f5es Criminosas (Renorcrim).<\/p>\n","protected":false},"excerpt":{"rendered":"<p>Opera\u00e7\u00e3o desarticula grupo criminoso em Patos, PB Divulga\u00e7\u00e3o\/Pol\u00edcia Civil da Para\u00edba Uma opera\u00e7\u00e3o da Pol\u00edcia Civil prendeu em flagrante v\u00e1rias pessoas por tr\u00e1fico de drogas e posse ilegal de armas na cidade de Patos, no Sert\u00e3o da Para\u00edba, na manh\u00e3 desta quinta-feira (23). Ao todo, a a\u00e7\u00e3o cumpriu 19 mandados de busca e apreens\u00e3o. De [&hellip;]<\/p>\n","protected":false},"author":1,"featured_media":1403,"comment_status":"open","ping_status":"open","sticky":false,"template":"","format":"standard","meta":{"footnotes":""},"categories":[1],"tags":[],"class_list":["post-1402","post","type-post","status-publish","format-standard","has-post-thumbnail","hentry","category-brasil"],"_links":{"self":[{"href":"https:\/\/agoracariri.bops.com.br\/index.php?rest_route=\/wp\/v2\/posts\/1402","targetHints":{"allow":["GET"]}}],"collection":[{"href":"https:\/\/agoracariri.bops.com.br\/index.php?rest_route=\/wp\/v2\/posts"}],"about":[{"href":"https:\/\/agoracariri.bops.com.br\/index.php?rest_route=\/wp\/v2\/types\/post"}],"author":[{"embeddable":true,"href":"https:\/\/agoracariri.bops.com.br\/index.php?rest_route=\/wp\/v2\/users\/1"}],"replies":[{"embeddable":true,"href":"https:\/\/agoracariri.bops.com.br\/index.php?rest_route=%2Fwp%2Fv2%2Fcomments&post=1402"}],"version-history":[{"count":1,"href":"https:\/\/agoracariri.bops.com.br\/index.php?rest_route=\/wp\/v2\/posts\/1402\/revisions"}],"predecessor-version":[{"id":1432,"href":"https:\/\/agoracariri.bops.com.br\/index.php?rest_route=\/wp\/v2\/posts\/1402\/revisions\/1432"}],"wp:featuredmedia":[{"embeddable":true,"href":"https:\/\/agoracariri.bops.com.br\/index.php?rest_route=\/wp\/v2\/media\/1403"}],"wp:attachment":[{"href":"https:\/\/agoracariri.bops.com.br\/index.php?rest_route=%2Fwp%2Fv2%2Fmedia&parent=1402"}],"wp:term":[{"taxonomy":"category","embeddable":true,"href":"https:\/\/agoracariri.bops.com.br\/index.php?rest_route=%2Fwp%2Fv2%2Fcategories&post=1402"},{"taxonomy":"post_tag","embeddable":true,"href":"https:\/\/agoracariri.bops.com.br\/index.php?rest_route=%2Fwp%2Fv2%2Ftags&post=1402"}],"curies":[{"name":"wp","href":"https:\/\/api.w.org\/{rel}","templated":true}]}}