{"id":1394,"date":"2026-04-22T23:24:30","date_gmt":"2026-04-23T02:24:30","guid":{"rendered":"https:\/\/agoracariri.bops.com.br\/?p=1394"},"modified":"2026-04-22T23:24:30","modified_gmt":"2026-04-23T02:24:30","slug":"michele-andrade-adota-cachorro-que-invadiu-palco-em-gravacao-de-dvd-na-pb-ele-agora-vai-ser-feliz-video","status":"publish","type":"post","link":"https:\/\/agoracariri.bops.com.br\/?p=1394","title":{"rendered":"Michele Andrade adota cachorro que invadiu palco em grava\u00e7\u00e3o de DVD na PB: \u2018Ele agora vai ser feliz\u2019; V\u00cdDEO"},"content":{"rendered":"<p>Cachorro de rua invade grava\u00e7\u00e3o de DVD de forr\u00f3 e \u00e9 adotado, na Para\u00edba Uma cena inusitada roubou a cena na grava\u00e7\u00e3o de um audiovisual da cantora Michele Andrade, em Cajazeiras, no Sert\u00e3o da Para\u00edba, na segunda-feira (20). Veja o v\u00eddeo da intera\u00e7\u00e3o acima. De acordo com a cantora, a grava\u00e7\u00e3o do DVD j\u00e1 havia encerrado, quando um cachorro, sem ra\u00e7a definida, subiu no palco e come\u00e7ou a interagir com a cantora.<\/p>\n<p>Ela, em resposta ao aceno do animal, come\u00e7ou a acariciar e dialogar com o c\u00e3o. \u201cN\u00e3o sei como ele veio parar aqui, numa zuada dessa. Doido pra ir embora comigo, n\u00e9. Tem dono? T\u00e1 t\u00e3o magrinho. Acho que n\u00e3o tem dono n\u00e3o. Voc\u00ea quer ir comigo, quer?\u201d, disse a cantora. \u201cEle \u00e9 ex-doguinho de rua\u201d, disse Michele ao comentar sobre o cachorro.<\/p>\n<p>No decorrer do v\u00eddeo, ela escolhe, junto ao p\u00fablico, o nome do animal. \u201cComo ele \u00e9 cajazeirense, o nome dele vai ser Caj\u00e1!\u201d, escolheu Michele Andrade o nome do animal. Ela ainda continuou, no palco, explicando que cria diversos outros animais em casa e que o cachorro iria junto com ela para Natal, onde reside a cantora.<\/p>\n<p>\u201cJ\u00e1 t\u00e1 sem cachorro l\u00e1 em casa, j\u00e1 tem cinco. Pega caj\u00e1, coloca dentro do \u00f4nibus, no ar-condicionado geladinho que ele agora vai ser feliz\u201d, comentou Michele. Cachorro em situa\u00e7\u00e3o de rua invade palco de cantora em grava\u00e7\u00e3o de DVD e \u00e9 adotado por cantora, no Sert\u00e3o da PB Reprodu\u00e7\u00e3o\/Michele Andrade Ao chegar em Natal, no Rio Grande do Norte, a cantora atualizou os seguidores sobre o estado de conforto do animal.<\/p>\n<p>\u201cOlha quem veio morar em Natal\/RN. Ele veio no \u00f4nibus, acabou de chegar! Adotei ontem, \u00e9 cajazeirense e por isso ele se chama Caj\u00e1\u201d, disse a cantora em uma postagem. Nesta quarta-feira (22), a cantora explicou que o cachorro passou por uma cl\u00ednica veterin\u00e1ria e vai ter todos os cuidados para poder se juntar com os outros pets que ela cria em casa.<\/p>\n","protected":false},"excerpt":{"rendered":"<p>Cachorro de rua invade grava\u00e7\u00e3o de DVD de forr\u00f3 e \u00e9 adotado, na Para\u00edba Uma cena inusitada roubou a cena na grava\u00e7\u00e3o de um audiovisual da cantora Michele Andrade, em Cajazeiras, no Sert\u00e3o da Para\u00edba, na segunda-feira (20). Veja o v\u00eddeo da intera\u00e7\u00e3o acima. De acordo com a cantora, a grava\u00e7\u00e3o do DVD j\u00e1 havia [&hellip;]<\/p>\n","protected":false},"author":1,"featured_media":1395,"comment_status":"open","ping_status":"open","sticky":false,"template":"","format":"standard","meta":{"footnotes":""},"categories":[1],"tags":[],"class_list":["post-1394","post","type-post","status-publish","format-standard","has-post-thumbnail","hentry","category-brasil"],"_links":{"self":[{"href":"https:\/\/agoracariri.bops.com.br\/index.php?rest_route=\/wp\/v2\/posts\/1394","targetHints":{"allow":["GET"]}}],"collection":[{"href":"https:\/\/agoracariri.bops.com.br\/index.php?rest_route=\/wp\/v2\/posts"}],"about":[{"href":"https:\/\/agoracariri.bops.com.br\/index.php?rest_route=\/wp\/v2\/types\/post"}],"author":[{"embeddable":true,"href":"https:\/\/agoracariri.bops.com.br\/index.php?rest_route=\/wp\/v2\/users\/1"}],"replies":[{"embeddable":true,"href":"https:\/\/agoracariri.bops.com.br\/index.php?rest_route=%2Fwp%2Fv2%2Fcomments&post=1394"}],"version-history":[{"count":1,"href":"https:\/\/agoracariri.bops.com.br\/index.php?rest_route=\/wp\/v2\/posts\/1394\/revisions"}],"predecessor-version":[{"id":1399,"href":"https:\/\/agoracariri.bops.com.br\/index.php?rest_route=\/wp\/v2\/posts\/1394\/revisions\/1399"}],"wp:featuredmedia":[{"embeddable":true,"href":"https:\/\/agoracariri.bops.com.br\/index.php?rest_route=\/wp\/v2\/media\/1395"}],"wp:attachment":[{"href":"https:\/\/agoracariri.bops.com.br\/index.php?rest_route=%2Fwp%2Fv2%2Fmedia&parent=1394"}],"wp:term":[{"taxonomy":"category","embeddable":true,"href":"https:\/\/agoracariri.bops.com.br\/index.php?rest_route=%2Fwp%2Fv2%2Fcategories&post=1394"},{"taxonomy":"post_tag","embeddable":true,"href":"https:\/\/agoracariri.bops.com.br\/index.php?rest_route=%2Fwp%2Fv2%2Ftags&post=1394"}],"curies":[{"name":"wp","href":"https:\/\/api.w.org\/{rel}","templated":true}]}}